{"id":2703,"date":"2025-07-09T10:53:09","date_gmt":"2025-07-09T13:53:09","guid":{"rendered":"http:\/\/inacreditavel.com.br\/wp\/?p=2703"},"modified":"2025-07-09T10:53:09","modified_gmt":"2025-07-09T13:53:09","slug":"o-holocausto-nunca-aconteceu","status":"publish","type":"post","link":"https:\/\/inacreditavel.com.br\/wp\/o-holocausto-nunca-aconteceu\/","title":{"rendered":"\u201cO Holocausto nunca aconteceu\u201d"},"content":{"rendered":"<p class=\"legenda\">\n<a href=\"http:\/\/inacreditavel.com.br\/wp\/o-holocausto-nunca-aconteceu\/\"><img decoding=\"async\" src=\"http:\/\/www.inacreditavel.com.br\/imagens\/holo_nunca_existiu.jpg\" width=\"400\"><\/a><br \/>\n<i>\u201cO Holocausto nunca aconteceu\u201d<\/i><\/p>\n<p>Cap\u00edtulo 2.19 das <i>Li\u00e7\u00f5es sobre o Holocausto<\/i> de Germar Rudolf. Aqui \u00e9 descrito o epis\u00f3dio da campanha publicit\u00e1ria contra o esquecimento de um evento hist\u00f3rico imposto pela for\u00e7a da lei. Um verdadeiro tiro no p\u00e9!<\/p>\n<p class=\"subtitulo\"><i>\u201cSeria p\u00e9ssimo ter um outdoor que ningu\u00e9m notasse\u201d<\/i><\/p>\n<p class=\"rudolf\">R. Com estas palavras o prefeito de Berlim, Klaus Wowereit, justificou diante da imprensa a escolha do outdoor da fig. 20 para o memorial do Holocausto. <spam class=\"indice\">[318]<\/spam> 30m x 15m era o tamanho da pe\u00e7a publicit\u00e1ria exposta na parede de um banco nas proximidades do Port\u00e3o de Brandenburg. At\u00e9 o presidente da comunidade judaica de Berlim, Alexander Brenner, declarou-se a favor desta provoca\u00e7\u00e3o. Embora alguns judeus mais idosos possam ter sido provocados, o objetivo desta a\u00e7\u00e3o foi sagrada.<\/p>\n<p class=\"rudolf\">As duas frases n\u00e3o menos fant\u00e1sticas e impressas em letras pequenas no outdoor, que s\u00f3 poderiam ser lidar por aqueles que parassem em frente e se aproximassem, diziam originalmente:<\/p>\n<div id=\"box_destaque\">\n<p><i>\u201cExistem ainda muitos que afirmam isso. Em 20 anos ser\u00e3o ainda mais.\u201d<\/i><\/p>\n<\/div>\n<p class=\"rudolf\">Possivelmente devido a protestos pela certeza que em 20 anos seriam ainda mais, este texto foi alterado pouco tempo depois para a seguinte forma:<\/p>\n<div id=\"box_destaque\">\n<p><i>\u201cAinda existem muitos que afirmam isso. Em 20 anos <u>poderiam<\/u> ser ainda mais.\u201d<\/i> <spam class=\"comentario\">(sublinhado inserido)<\/spam><\/p>\n<\/div>\n<p class=\"rudolf\">R. Mais de 1.000 destes outdoors deveriam ser distribu\u00eddos por toda Alemanha, paralelo a campanhas publicit\u00e1rias na imprensa e na televis\u00e3o, assim como meio milh\u00e3o de panfletos deveriam levar esta mensagem ao conhecimento de todos os alem\u00e3es.<\/p>\n<p class=\"rudolf\">Logo que esta campanha foi iniciada publicamente, aconteceram estridentes protestos, levando ao cancelamento de toda a\u00e7\u00e3o: <spam class=\"indice\">[319]<\/spam><\/p>\n<div id=\"box_destaque\">\n<p><i>\u201cEmudecido \u2013 Holo-Outdoor encontrou falsos amigos. <\/i><\/p>\n<p><i><br \/>\n<\/i><i>Aplaudido principalmente pelos revisionistas, o planejado outdoor para o memorial do Holocausto em Berlim foi retirado de cena \u2018o mais r\u00e1pido poss\u00edvel\u2019.\u201d<\/i><\/p>\n<\/div>\n<p class=\"publico\">P. Essa foi um cl\u00e1ssico tiro no p\u00e9. Imaginem s\u00f3, se tal outdoor tivesse sido exposto pelos revisionistas.<\/p>\n<p class=\"rudolf\">R. Ent\u00e3o teriam enforcado os revisionistas logo ali ao lado. Mas seja como for, voc\u00eas percebem que toda a discuss\u00e3o em torno do santo Holocausto n\u00e3o se d\u00e1 sem humor, para aqueles que ainda n\u00e3o desaprenderam a rir.<\/p>\n<p class=\"publico\">P. Como os publicit\u00e1rios chegaram ao ponto em afirmar, que em 20 anos existir\u00e3o ainda mais daqueles que n\u00e3o acreditam no Holocausto?<\/p>\n<p class=\"rudolf\">R. Trata-se do receio das pessoas esquecerem, caso elas n\u00e3o guardarem na mem\u00f3ria atrav\u00e9s de constante recorda\u00e7\u00e3o, aquilo que supostamente aconteceu. E aquele que esquece, este vira rapidamente um questionador. E o memorial em Berlim deve agir contra o esquecimento.<\/p>\n<p class=\"legenda\"> <img decoding=\"async\" src=\"http:\/\/inacreditavel.com.br\/imagens\/holo_memorial.jpg\"><br \/>\nMemorial do Holocausto em Berlim, constru\u00eddo contra a vontade do povo alem\u00e3o<\/p>\n<p class=\"publico\">P. O receio de baseia no fato que a gera\u00e7\u00e3o dos sobreviventes, ou seja, as testemunhas do Holocausto estar\u00e3o mortas em 20 anos. Ent\u00e3o nada mais existe para frear os negadores.<\/p>\n<p class=\"rudolf\">R. Voc\u00ea quer dizer que o n\u00famero daqueles que negam a Revolu\u00e7\u00e3o Francesa aumentou ao final do s\u00e9culo XIX, porque a gera\u00e7\u00e3o que presenciou o evento morreu?<\/p>\n<p class=\"publico\">P. Como eu devo interpretar ent\u00e3o?<\/p>\n<p class=\"rudolf\">R. Bem, cada gera\u00e7\u00e3o desaparece em algum momento. Se nosso conhecimento seguro da hist\u00f3ria dependesse de testemunhas oculares, ent\u00e3o n\u00e3o haveria hist\u00f3ria segura, as mais antigas teriam a idade de uma vida humana. O n\u00famero de negadores da hist\u00f3ria aumenta em determinada \u00e9poca sempre que as testemunhas oculares desaparecem?<\/p>\n<p class=\"publico\">P. Acredito que n\u00e3o.<\/p>\n<p class=\"rudolf\">R. Ent\u00e3o porque n\u00f3s fazemos uma exce\u00e7\u00e3o no caso do Holocausto? Se o conhecimento sobre um relato se baseia somente em testemunhas, e n\u00e3o existe nenhum outro rastro que resista \u00e0 for\u00e7a do tempo, qual seria o valor dos relatos das testemunhas?<\/p>\n<p class=\"rudolf\">Eu me permito ainda inverter o jogo: nosso conhecimento exato sobre cada acontecimento hist\u00f3rico aumenta normalmente ao decorrer do tempo. Isso n\u00e3o em decorr\u00eancia da morte das testemunhas, mas de certo modo justamente porque aquelas pessoas envolvidas faleceram. Pois a participa\u00e7\u00e3o em acontecimentos hist\u00f3ricos sempre envolve interesses pessoais e suas vis\u00f5es s\u00e3o, por isso, distorcidas. Essa tend\u00eancia em superar distor\u00e7\u00f5es \u00e9 somente poss\u00edvel quando n\u00e3o precisamos mais necessariamente considerar essas pessoas e seus grupos lobistas, principalmente ent\u00e3o quando se tratar de pessoas influentes ou Lobbys poderosos.<\/p>\n<p class=\"rudolf\">Portanto, se a frase procede, em 20 anos existir\u00e3o ainda mais pessoas que compartilhar\u00e3o o ponto de vista: \u201co Holocausto nunca aconteceu\u201d. Isso se justifica n\u00e3o nos descrentes, mas sim em nosso crescente conhecimento sobre o \u201cHolocausto\u201d e no desaparecimento da influ\u00eancia daquelas pessoas e grupos que possuem interesses n\u00e3o-objetivos em rela\u00e7\u00e3o \u00e0 historiografia do Holocausto.<\/p>\n<p class=\"publico\">P. Al\u00e9m disso, reconhecem que existir\u00e3o ainda mais descrentes; segundo tiro no p\u00e9.<\/p>\n<p class=\"rudolf\">R. Exato. Pois com sua previs\u00e3o \u2013 em 20 anos existir\u00e3o ainda mais destes \u201cdiab\u00f3licos negadores de Auschwitz\u201d \u2013 eles reconhecem indiretamente a incapacidade de convencimento de seus argumentos e provas. Um mar de pilastras de concreto substitui argumentos de forma t\u00e3o eficiente como uma bela surra.<\/p>\n<p class=\"rudolf\"><strong>R<\/strong> &#8211; Germar Rudolf<\/p>\n<p class=\"publico\"><strong>P <\/strong>&#8211; P\u00fablico<\/p>\n<p class=\"comentario\">Frases do texto original foram destacadas em negrito pela Equipe do Inacredit\u00e1vel &#8211; NR<\/p>\n<p>Quem \u00e9 <a href=\"http:\/\/inacreditavel.com.br\/wp\/liberdade-para-germar-rudolf\/\">Germar Rudolf<\/a>?<\/p>\n<p class=\"legenda\"><a href=\"http:\/\/inacreditavel.com.br\/wp\/licoes-sobre-o-holocausto\/\"><img decoding=\"async\" src=\"http:\/\/inacreditavel.com.br\/imagens\/licoes2.jpg\"><\/a><br \/>\nLi\u00e7\u00f5es sobre o Holocausto<\/p>\n<p><spam class=\"indice\">[318]<\/spam> AP, 19.7.2001; na \u00e9poca tamb\u00e9m na internet, www.holocaust-denkmal-berlin.de\/index.php, mas agora n\u00e3o mais. Compare G. Rudolf, VffG 5(3) (2001), p\u00e1g. 244-246.<br \/>\n<spam class=\"indice\">[319]<\/spam> dpa, 7.6.01.<\/p>\n<div class=\"pdf24Plugin-cp\"> \t<form name=\"pdf24Form0\" method=\"post\" action=\"https:\/\/doc2pdf.pdf24.org\/wordpress.php\" target=\"pdf24PopWin\" onsubmit=\"var pdf24Win = window.open('about:blank', 'pdf24PopWin', 'resizable=yes,scrollbars=yes,width=600,height=250,left='+(screen.width\/2-300)+',top='+(screen.height\/3-125)+''); pdf24Win.focus(); if(typeof pdf24OnCreatePDF === 'function'){void(pdf24OnCreatePDF(this,pdf24Win));}\"> \t\t<input type=\"hidden\" name=\"blogCharset\" value=\"Cw1x07UAAA==\" \/><input type=\"hidden\" name=\"blogPosts\" value=\"MwQA\" \/><input type=\"hidden\" name=\"blogUrl\" value=\"yygpKSi20tfPzEtMLkpNySxJLEvN0UvOz9VLKtIvLwAA\" \/><input type=\"hidden\" name=\"blogName\" value=\"88xLTC5KTcksSSxLzQEA\" \/><input type=\"hidden\" name=\"blogValueEncoding\" value=\"gzdeflate base64\" \/><input type=\"hidden\" name=\"postId_0\" value=\"MzI3MAYA\" \/><input type=\"hidden\" name=\"postTitle_0\" value=\"e9Qwx1\/BIz8nPzmxtLgkXyGvNC85USExOT+vJDU5tfRRw1wA\" \/><input type=\"hidden\" name=\"postLink_0\" value=\"BcFBDsAgCATAFyH3\/oauJJpY1ii23+9My5z7Uu1hWF572uujgE+5l35TKY2DsLOTEidgYmCkw4\/+\" \/><input type=\"hidden\" name=\"postAuthor_0\" value=\"C0pNSTy8\/PDifAA=\" \/><input type=\"hidden\" name=\"postDateTime_0\" value=\"MzIwMtU1MNc1sFQwNLAyMLcysAQA\" \/><input type=\"hidden\" name=\"postContent_0\" value=\"jVnLjtzGFd3nKyodILCAfszI8ksetTA2ZEeIHCly7BgIDKOarO4uhayiq8iesVb6h2wSwAEy0MKQAa+EbLzln+hLcs4tksPpzEOAIc9Mk7fu45xz760+qlRW6BjvTQqzMS7Xk+VvjrTaBrO+N9nWdXV3sbBOZ8HkttY7U8wzX85XYXFSLfxs6wuf6SbWfuYal+mZzryrTWaaxWR5ZMuNyk3mc+s29yY6\/uCyiYohGwyfnJzMLzVuSw1n4oL2vxPL35lTG2vbzJ9Vm4k6sXm9vTe5c3CAYxZ6ebQKagHH7fLNix8fqz8Mbil5WQ1uvXnx76OFxTsVnq6Wn+qq\/aVuCq9uzw8\/UrmOCjYe2fan9r8mquhXwSg\/sseXEZP63IRSB\/W0yX2xnqvj7xur2lf4JGbB4livTGVj+zq3HlZVpstKu61WVbMqbGbr9ixY\/BleBc2H4\/eNyWxpHN6F+aZUZie\/bBF1+zrYzCtbVp4hVabQau1D+5Om7cLYufqqVDsTcp0bG7yq+Y\/Dk+2r33ah9lWOzaq2jJj1Yba+NPQET8ZoS7xqAk\/3TZ17HxTcUg7la9pXJSzWsGEu5rA3HCQVk+XTufrUw\/2IZ1WlC70L+AG+AFHGpvA+MaGw5VT9sUBS1V\/9iQn4aKqeIcV2jVgblVuNijE+hB2ABRQRRjNfIIu5HxzEA2u7mavbBzhMclma0iOkgk+dF26ujmKly95b63Kbmcnyb+8efvjt0YIfLdW7B6U6VYfvwXuxVOsSRZMCVobZvlg9c8p6aOU0jzaIK1VupR2q5Rh+8Ke2tCxLpDtPfKjblykFQbvcuFUT4PxxDexIiqLFH1PcoELj5F3kJdcWMB6l7rgwp7QQYMk4Z8KUVCt08M0sGuRqrXdMD+tAP3bIA1D9Eol4UK484tPFpnGRtg2KUGoblc199HDbx4hUEQrwx\/ev48MpvPSrZ6a2O9\/ZTlaBR6ui3gSd6\/kVyDhGDhpkZQ1AIB+OrwHxOHCNWrdnqH2Gj02qOFzAzyXgXRNAlQEUmVM31H4q6ATJ4HBOFJcqwuUCOQv4U1Aanxc4iY8RHMBuSZPrIDnGu0hUqpF8hhTa5zQD\/GygSwX5aO6mcHK7Q37uTVb+9DuJHFYnIiKJRw+oTzCuAS2tygZQTyfrtYVWlMrGKMknVDWjhrNMQfcC8j+\/wKwFTrwsjU9QHQutLBNQzI4lkhrXcIvloz5kJtTmuRYPzIUzGeD5mVMy1aDWp3Uqoi5Qd82q+yajHkB1cErlbUwM0zCyaSwPhwiV+i3zcyxHmi5Lb5Ofo2bZF\/Zo0SyluP+frIu8BmmQFh0s9O2dSLpCdRGMdYw897c6rl+fYmjYF+QD+HY4Pzg4EKgDSB3w+MHuHHA5Qgp21bS\/5EKeoGoPJ8FQyoeeStoKU7BKfSOIF7UkUkQGoTP8rQZ0d2ghL\/1UaWozBYGEQUcpbbHtdATW1qCIH\/mE90AAIWdJexui0rPZbMc9Bk7iLfwH38r2pYlX8faR3\/iEI5ocWhnBYh1C0HmvjFowOR3abdDSCEIStXiO0ak46QhcOAa9BGTHjvWycvdK1f7o2wuVvJGdJWQuI1PevPiHtIXZ466DGCdtGD1nrQvKny7txkc0jNGgACv9jMG\/2uVxhd6VJ3W0LrNVpxZkH2wE1s56Z9kGqZp43JlnetS5rm1X5GySeslzgOIKKZGeDDKIKP7pk2aH9qwSNyAL7S\/QhTcv\/nW9kKRagSBPQDfIrJzQMMnQ4MhJYzQ\/zNVDzGLWwR8o7ZSSWcPZPgg0Aii1SX0iNUR\/WQrmV08LD5z0xDqB1ziISiZ52jOhCuJQF5aYKfAESUpFe6YTNdZsCWhU7c\/UwJCZFZwmbhOgyNOsiWQUs1v7gAhxTtTE3Xhk5BOIKW\/PFDvGtilpOYnfqKUkLXKJiFGTvLlAXqtgw37E46x\/Snf9RQ3Ar9nWbLQYYDldQkGSx67ZjZQ8zcN7HQRzw8hBca2frjm+jaK8f3VB\/hJ0rTlEIDkBLJYRlimFQLMny6yKiQ39Ev0aTha66+abRmMGxScUMACbgytyhga+w3wp4PUOtSRPYNnjYaH5lHm1RVKZ2MhYldg0DO7ASZf8TorEia577UAOFTR40L3WSOGRH+8AlMCXR0w75xY1UwHe4fJRfL+Gw4qkbt5tbt5ren9kpenl5Ysb5GCaUhik2\/Rea8AeXS+XklUY1jpN99dg8PFQW4OJNRoUCgBZ6zpVQasNsJxmO\/YJWYV2didCDkFrhHhsTYqSbjCrsqvteY06CkIRU53GuQ6+A+2d7qGbRoNEM0xoaGE41oERKKC5TkC+JuXpNFvxc5OWFtL419IEv0cJ2CNBn5qdL5oU3meBDYgLRiNVb8i\/Nec\/kYf2VcYF8ZuH30zZ3PeTI8MlHEQbsXjV94sbQg6muX+TCpiGIOSAAgGEnZqtW1JzDUM\/SdzLLxSJEqRZU1ENDPeYsnyCsfoSkaM\/7A0BnOMkQcOWyRWjooxR09mKR6X1SAPsc2LsSsd\/tlqmjpEFsZqQIXUF2+1GYJJGT5V2GtmVAFzL4\/GT08TkUDRzXvqLDqYiaQaZG9gsrUCofVUBddRrJDEhOF7q\/ihR5XXVOU7s9YOS3tzCOnS49jVXmudgcpQYzWlmUpGcT5J5gSb3WZ790sjNA0oYoK5Sqp6k0SeJYws7D2+qOrnvWOSM26Y1HsnE5sP\/0TdumJzi2v8MNwjdjM8GA8TLggBvdrrg+ihNmB5E6QGjE6+C54MGQsv+WzJ5qTVZt+M6AkarZ2jidy8DI9bZIW6Bdif93ceje5AeAY7bRzd1aS9qDMqFISKMLjzFdQ0\/fd7+DJ7KvQk1yexHNQVmU6OCwyQxjPFWousrPf+pKOOW6KAmRDLrXqTBd45tn+inoGGxxYCYIEByjiOLo9Bij99k0CRVIBn7s6iT6JA4iLuB3FFJ\/+TWwQVqKtsIJig60413NQjdhc0prkFtdOie6y662lcDroY5knjghC75g1OZjZqIFlI7BAnbZLS8xaZkczGcNvchNQipiWoT2NUxwq26iXhvau4kpTuSQyaHkCAbTmfJYtFp0h4BnX3kV6sfYtr8eWlxFTt55cIBTyZXne4euIdkJuf0cNM81R\/OqqOHSy2LbWpq\/ZCWcwBBVHcxlf\/or7987DAZzXDX1U2QTja4mIWuwRKGXPo4SyWyAAdZn+t9oeBa8+P5wTiIejBqCv3ap1MaBxbsA7kvlHQ1nNvg\/BEI6eqsvwCSfk51SMCGpGwFU9ZvAqZWvXcBd53WFrxezBOAORgywG54v2LOHVL1sTQcoma8tVyj1dSZjpyoKMlEdKdVW7bDm4fsdBuAlOdWr9rXhVB31K+MOm5itj2x9XOWQoxyAhmFxlWW3b6TL\/yeoVLZ0Bvx4I4jxbAVC4102DSdagiKdyT5V2j0HVVsQanX\/aiNFBEizSryzteOX8+72xslvDMAou3AhaGETWvFW6TYhHDlfd4Ru4rbLJ9iE08\/qd\/\/7sPbh4cfX7wev6rw\/ftP1GCgf\/9J+6s8tPfq+Hbns3SLKGLPu6v+zo5h6TJdTrKPCEpRG7mWl6uxB9g1KhmVH\/YzentGwetP\/9PTfu3\/M\/EPcXzbb0QKu0q38DOOsbONpGGWEraYLPfSopf3r1ow3v7AzJs4ExWYjb+PeavvX67dUZLp2912cv4ly7XfjnS3JTdetR8\/marDj+YfzG8fHCDjbhjgwIiVfNegk+44U08VvycaQpvlxv0djX+24kLk5rlBHLk5nVfbKumm3vB+O90v86aQkzZVUH0+73I\/VV+v15+r995595Z6hy7cQkdqz\/g9wp07s9t33p\/3tz03XT+pvMKs+8H8\/fnBYSLK\/wA=\" \/> \t\t<a href=\"https:\/\/www.pdf24.org\" target=\"_blank\" title=\"www.pdf24.org\" rel=\"nofollow\"><img src=\"https:\/\/inacreditavel.com.br\/wp\/wp-content\/plugins\/pdf24-post-to-pdf\/img\/pdf_32x32.png\" alt=\"\" border=\"0\" height=\"32\" \/><\/a> \t\t<span class=\"pdf24Plugin-cp-space\">&nbsp;&nbsp;<\/span> \t\t<span class=\"pdf24Plugin-cp-text\">Enviar artigo em PDF<\/span> \t\t<span class=\"pdf24Plugin-cp-space\">&nbsp;&nbsp;<\/span> \t\t<input class=\"pdf24Plugin-cp-input\" style=\"margin: 0px;\" type=\"text\" name=\"sendEmailTo\" placeholder=\"Digite endere\u00e7o de e-mail\" \/> \t\t<input class=\"pdf24Plugin-cp-submit\" style=\"margin: 0px;\" type=\"submit\" value=\"Enviar\" \/> \t<\/form> <\/div>","protected":false},"excerpt":{"rendered":"<p>\u201cO Holocausto nunca aconteceu\u201d Cap\u00edtulo 2.19 das Li\u00e7\u00f5es sobre o Holocausto de Germar Rudolf. Aqui \u00e9 descrito o epis\u00f3dio da campanha publicit\u00e1ria contra o esquecimento de um evento hist\u00f3rico imposto pela for\u00e7a da lei. Um verdadeiro tiro no p\u00e9! \u201cSeria &hellip; <a href=\"https:\/\/inacreditavel.com.br\/wp\/o-holocausto-nunca-aconteceu\/\">Continue lendo <span class=\"meta-nav\">&rarr;<\/span><\/a><\/p>\n","protected":false},"author":3,"featured_media":0,"comment_status":"closed","ping_status":"closed","sticky":false,"template":"","format":"standard","meta":[],"categories":[6],"tags":[11],"_links":{"self":[{"href":"https:\/\/inacreditavel.com.br\/wp\/wp-json\/wp\/v2\/posts\/2703"}],"collection":[{"href":"https:\/\/inacreditavel.com.br\/wp\/wp-json\/wp\/v2\/posts"}],"about":[{"href":"https:\/\/inacreditavel.com.br\/wp\/wp-json\/wp\/v2\/types\/post"}],"author":[{"embeddable":true,"href":"https:\/\/inacreditavel.com.br\/wp\/wp-json\/wp\/v2\/users\/3"}],"replies":[{"embeddable":true,"href":"https:\/\/inacreditavel.com.br\/wp\/wp-json\/wp\/v2\/comments?post=2703"}],"version-history":[{"count":6,"href":"https:\/\/inacreditavel.com.br\/wp\/wp-json\/wp\/v2\/posts\/2703\/revisions"}],"predecessor-version":[{"id":16132,"href":"https:\/\/inacreditavel.com.br\/wp\/wp-json\/wp\/v2\/posts\/2703\/revisions\/16132"}],"wp:attachment":[{"href":"https:\/\/inacreditavel.com.br\/wp\/wp-json\/wp\/v2\/media?parent=2703"}],"wp:term":[{"taxonomy":"category","embeddable":true,"href":"https:\/\/inacreditavel.com.br\/wp\/wp-json\/wp\/v2\/categories?post=2703"},{"taxonomy":"post_tag","embeddable":true,"href":"https:\/\/inacreditavel.com.br\/wp\/wp-json\/wp\/v2\/tags?post=2703"}],"curies":[{"name":"wp","href":"https:\/\/api.w.org\/{rel}","templated":true}]}}